{"id":678,"date":"2016-05-19T14:03:44","date_gmt":"2016-05-19T11:03:44","guid":{"rendered":"http:\/\/llsra.lt\/en\/?p=678"},"modified":"2016-05-19T14:03:44","modified_gmt":"2016-05-19T11:03:44","slug":"sea-europe-top-executives-meet-commissioner-vella","status":"publish","type":"post","link":"https:\/\/llsra.lt\/en\/news\/sea-europe-top-executives-meet-commissioner-vella\/","title":{"rendered":"SEA EUROPE TOP EXECUTIVES MEET COMMISSIONER VELLA"},"content":{"rendered":"<p style=\"text-align: justify;\">18 May 2016<br \/>\nToday, top executives from European shipyards and European maritime equipment manufactories met Karmenu Vella, Commissioner responsible for Environment, Maritime Affairs and Fisheries.<br \/>\nThe meeting took place in Turku (Finland) in the margin of the annual European Maritime Days and was organised jointly by SEA Europe \u2013 the association representing the interests of European shipyards and maritime equipment manufacturers \u2013 and its Finnish member \u2013 Finnish Maritime Industries.<br \/>\nThe meeting focused on various topics of common interest, including the economic and strategic importance of the European maritime technology industry for Europe, its economy and globally; the challenges and threats of the European maritime technology sector and the means to stay ahead of global competition.<br \/>\nAttention was also drawn to the contribution of the European maritime technology sector to DG MARE\u2019s plans for international ocean governance and reference was made to the EU\u2019s plans to recycle ships in accordance with the EU Ship Recycling Regulation and the role that European ship recycling facilities could play. Also the possible contribution of European shipyards to a circular economy, i.e. building environmental neutral ships, was referred to.<br \/>\nFinally, both Commissioner Vella and the industry\u2019s top executives acknowledged the need for Europe to continue developing a highly skilled workforce. This allows the European maritime technology sector to stay ahead in terms of innovation and competition globally.<br \/>\n&#8220;The EU&#8217;s blue economy is amongst the most competitive in the world while meeting some of the highest environmental standards\u201d, said Commissioner Vella. \u201cThe European shipyards sector builds some of the most sophisticated vessels in the world. European maritime equipment manufacturers are global leaders. We also have an emerging marine renewable energy industry with great potential for further growth. Today\u2019s meeting highlighted that the EU&#8217;s blue economy can make a major contribution to jobs and growth&#8221;, he added.<br \/>\nKjeld Dittmann, Chairman of SEA Europe and CEO of W\u00e4rtsil\u00e4 Lyngs\u00f8 Marine A\/S in Denmark said: \u201cI firmly believe that today\u2019s meeting helped us to place SEA Europe and our industry on the map and the European Commission to better understand the difficulties and challenges of our industry. At the same time, it assisted us to have a better understanding of the Commission\u2019s political challenges and enabled us to identify how we can contribute to the Commission\u2019s ambitious agenda\u201d.<\/p>\n","protected":false},"excerpt":{"rendered":"<p>18 May 2016 Today, top executives from European shipyards and European maritime equipment manufactories met Karmenu Vella, Commissioner responsible for&#8230;<\/p>\n","protected":false},"author":2,"featured_media":565,"comment_status":"open","ping_status":"open","sticky":false,"template":"","format":"standard","meta":{"_acf_changed":false,"_exactmetrics_skip_tracking":false,"_exactmetrics_sitenote_active":false,"_exactmetrics_sitenote_note":"","_exactmetrics_sitenote_category":0,"footnotes":""},"categories":[2],"tags":[],"class_list":["post-678","post","type-post","status-publish","format-standard","has-post-thumbnail","hentry","category-news"],"acf":[],"yoast_head":"<!-- This site is optimized with the Yoast SEO plugin v27.4 - https:\/\/yoast.com\/product\/yoast-seo-wordpress\/ -->\n<title>SEA EUROPE TOP EXECUTIVES MEET COMMISSIONER VELLA - LLSRA<\/title>\n<meta name=\"robots\" content=\"index, follow, max-snippet:-1, max-image-preview:large, max-video-preview:-1\" \/>\n<link rel=\"canonical\" href=\"https:\/\/llsra.lt\/en\/news\/sea-europe-top-executives-meet-commissioner-vella\/\" \/>\n<meta property=\"og:locale\" content=\"en_US\" \/>\n<meta property=\"og:type\" content=\"article\" \/>\n<meta property=\"og:title\" content=\"SEA EUROPE TOP EXECUTIVES MEET COMMISSIONER VELLA - LLSRA\" \/>\n<meta property=\"og:description\" content=\"18 May 2016 Today, top executives from European shipyards and European maritime equipment manufactories met Karmenu Vella, Commissioner responsible for...\" \/>\n<meta property=\"og:url\" content=\"https:\/\/llsra.lt\/en\/news\/sea-europe-top-executives-meet-commissioner-vella\/\" \/>\n<meta property=\"og:site_name\" content=\"LLSRA\" \/>\n<meta property=\"article:published_time\" content=\"2016-05-19T11:03:44+00:00\" \/>\n<meta property=\"og:image\" content=\"https:\/\/llsra.lt\/wp-content\/uploads\/2016\/04\/sea_europe.jpg\" \/>\n\t<meta property=\"og:image:width\" content=\"734\" \/>\n\t<meta property=\"og:image:height\" content=\"489\" \/>\n\t<meta property=\"og:image:type\" content=\"image\/jpeg\" \/>\n<meta name=\"author\" content=\"Vitalija Baltrimait\u0117\" \/>\n<meta name=\"twitter:card\" content=\"summary_large_image\" \/>\n<meta name=\"twitter:label1\" content=\"Written by\" \/>\n\t<meta name=\"twitter:data1\" content=\"Vitalija Baltrimait\u0117\" \/>\n\t<meta name=\"twitter:label2\" content=\"Est. reading time\" \/>\n\t<meta name=\"twitter:data2\" content=\"2 minutes\" \/>\n<script type=\"application\/ld+json\" class=\"yoast-schema-graph\">{\"@context\":\"https:\\\/\\\/schema.org\",\"@graph\":[{\"@type\":\"Article\",\"@id\":\"https:\\\/\\\/llsra.lt\\\/en\\\/news\\\/sea-europe-top-executives-meet-commissioner-vella\\\/#article\",\"isPartOf\":{\"@id\":\"https:\\\/\\\/llsra.lt\\\/en\\\/news\\\/sea-europe-top-executives-meet-commissioner-vella\\\/\"},\"author\":{\"name\":\"Vitalija Baltrimait\u0117\",\"@id\":\"https:\\\/\\\/llsra.lt\\\/#\\\/schema\\\/person\\\/5062f3e15f525c2a6bd39b0d6ab47d2a\"},\"headline\":\"SEA EUROPE TOP EXECUTIVES MEET COMMISSIONER VELLA\",\"datePublished\":\"2016-05-19T11:03:44+00:00\",\"mainEntityOfPage\":{\"@id\":\"https:\\\/\\\/llsra.lt\\\/en\\\/news\\\/sea-europe-top-executives-meet-commissioner-vella\\\/\"},\"wordCount\":394,\"commentCount\":0,\"image\":{\"@id\":\"https:\\\/\\\/llsra.lt\\\/en\\\/news\\\/sea-europe-top-executives-meet-commissioner-vella\\\/#primaryimage\"},\"thumbnailUrl\":\"https:\\\/\\\/llsra.lt\\\/wp-content\\\/uploads\\\/2016\\\/04\\\/sea_europe.jpg\",\"articleSection\":[\"News\"],\"inLanguage\":\"en-US\",\"potentialAction\":[{\"@type\":\"CommentAction\",\"name\":\"Comment\",\"target\":[\"https:\\\/\\\/llsra.lt\\\/en\\\/news\\\/sea-europe-top-executives-meet-commissioner-vella\\\/#respond\"]}]},{\"@type\":\"WebPage\",\"@id\":\"https:\\\/\\\/llsra.lt\\\/en\\\/news\\\/sea-europe-top-executives-meet-commissioner-vella\\\/\",\"url\":\"https:\\\/\\\/llsra.lt\\\/en\\\/news\\\/sea-europe-top-executives-meet-commissioner-vella\\\/\",\"name\":\"SEA EUROPE TOP EXECUTIVES MEET COMMISSIONER VELLA - LLSRA\",\"isPartOf\":{\"@id\":\"https:\\\/\\\/llsra.lt\\\/#website\"},\"primaryImageOfPage\":{\"@id\":\"https:\\\/\\\/llsra.lt\\\/en\\\/news\\\/sea-europe-top-executives-meet-commissioner-vella\\\/#primaryimage\"},\"image\":{\"@id\":\"https:\\\/\\\/llsra.lt\\\/en\\\/news\\\/sea-europe-top-executives-meet-commissioner-vella\\\/#primaryimage\"},\"thumbnailUrl\":\"https:\\\/\\\/llsra.lt\\\/wp-content\\\/uploads\\\/2016\\\/04\\\/sea_europe.jpg\",\"datePublished\":\"2016-05-19T11:03:44+00:00\",\"author\":{\"@id\":\"https:\\\/\\\/llsra.lt\\\/#\\\/schema\\\/person\\\/5062f3e15f525c2a6bd39b0d6ab47d2a\"},\"breadcrumb\":{\"@id\":\"https:\\\/\\\/llsra.lt\\\/en\\\/news\\\/sea-europe-top-executives-meet-commissioner-vella\\\/#breadcrumb\"},\"inLanguage\":\"en-US\",\"potentialAction\":[{\"@type\":\"ReadAction\",\"target\":[\"https:\\\/\\\/llsra.lt\\\/en\\\/news\\\/sea-europe-top-executives-meet-commissioner-vella\\\/\"]}]},{\"@type\":\"ImageObject\",\"inLanguage\":\"en-US\",\"@id\":\"https:\\\/\\\/llsra.lt\\\/en\\\/news\\\/sea-europe-top-executives-meet-commissioner-vella\\\/#primaryimage\",\"url\":\"https:\\\/\\\/llsra.lt\\\/wp-content\\\/uploads\\\/2016\\\/04\\\/sea_europe.jpg\",\"contentUrl\":\"https:\\\/\\\/llsra.lt\\\/wp-content\\\/uploads\\\/2016\\\/04\\\/sea_europe.jpg\",\"width\":734,\"height\":489},{\"@type\":\"BreadcrumbList\",\"@id\":\"https:\\\/\\\/llsra.lt\\\/en\\\/news\\\/sea-europe-top-executives-meet-commissioner-vella\\\/#breadcrumb\",\"itemListElement\":[{\"@type\":\"ListItem\",\"position\":1,\"name\":\"Home\",\"item\":\"https:\\\/\\\/llsra.lt\\\/\"},{\"@type\":\"ListItem\",\"position\":2,\"name\":\"SEA EUROPE TOP EXECUTIVES MEET COMMISSIONER VELLA\"}]},{\"@type\":\"WebSite\",\"@id\":\"https:\\\/\\\/llsra.lt\\\/#website\",\"url\":\"https:\\\/\\\/llsra.lt\\\/\",\"name\":\"LLSRA\",\"description\":\"Lietuvos laiv\u0173 statytoj\u0173 ir remontinink\u0173 asociacija\",\"potentialAction\":[{\"@type\":\"SearchAction\",\"target\":{\"@type\":\"EntryPoint\",\"urlTemplate\":\"https:\\\/\\\/llsra.lt\\\/?s={search_term_string}\"},\"query-input\":{\"@type\":\"PropertyValueSpecification\",\"valueRequired\":true,\"valueName\":\"search_term_string\"}}],\"inLanguage\":\"en-US\"},{\"@type\":\"Person\",\"@id\":\"https:\\\/\\\/llsra.lt\\\/#\\\/schema\\\/person\\\/5062f3e15f525c2a6bd39b0d6ab47d2a\",\"name\":\"Vitalija Baltrimait\u0117\",\"sameAs\":[\"http:\\\/\\\/www.llsra.lt\"],\"url\":\"https:\\\/\\\/llsra.lt\\\/en\\\/author\\\/vitalija\\\/\"}]}<\/script>\n<!-- \/ Yoast SEO plugin. -->","yoast_head_json":{"title":"SEA EUROPE TOP EXECUTIVES MEET COMMISSIONER VELLA - LLSRA","robots":{"index":"index","follow":"follow","max-snippet":"max-snippet:-1","max-image-preview":"max-image-preview:large","max-video-preview":"max-video-preview:-1"},"canonical":"https:\/\/llsra.lt\/en\/news\/sea-europe-top-executives-meet-commissioner-vella\/","og_locale":"en_US","og_type":"article","og_title":"SEA EUROPE TOP EXECUTIVES MEET COMMISSIONER VELLA - LLSRA","og_description":"18 May 2016 Today, top executives from European shipyards and European maritime equipment manufactories met Karmenu Vella, Commissioner responsible for...","og_url":"https:\/\/llsra.lt\/en\/news\/sea-europe-top-executives-meet-commissioner-vella\/","og_site_name":"LLSRA","article_published_time":"2016-05-19T11:03:44+00:00","og_image":[{"width":734,"height":489,"url":"https:\/\/llsra.lt\/wp-content\/uploads\/2016\/04\/sea_europe.jpg","type":"image\/jpeg"}],"author":"Vitalija Baltrimait\u0117","twitter_card":"summary_large_image","twitter_misc":{"Written by":"Vitalija Baltrimait\u0117","Est. reading time":"2 minutes"},"schema":{"@context":"https:\/\/schema.org","@graph":[{"@type":"Article","@id":"https:\/\/llsra.lt\/en\/news\/sea-europe-top-executives-meet-commissioner-vella\/#article","isPartOf":{"@id":"https:\/\/llsra.lt\/en\/news\/sea-europe-top-executives-meet-commissioner-vella\/"},"author":{"name":"Vitalija Baltrimait\u0117","@id":"https:\/\/llsra.lt\/#\/schema\/person\/5062f3e15f525c2a6bd39b0d6ab47d2a"},"headline":"SEA EUROPE TOP EXECUTIVES MEET COMMISSIONER VELLA","datePublished":"2016-05-19T11:03:44+00:00","mainEntityOfPage":{"@id":"https:\/\/llsra.lt\/en\/news\/sea-europe-top-executives-meet-commissioner-vella\/"},"wordCount":394,"commentCount":0,"image":{"@id":"https:\/\/llsra.lt\/en\/news\/sea-europe-top-executives-meet-commissioner-vella\/#primaryimage"},"thumbnailUrl":"https:\/\/llsra.lt\/wp-content\/uploads\/2016\/04\/sea_europe.jpg","articleSection":["News"],"inLanguage":"en-US","potentialAction":[{"@type":"CommentAction","name":"Comment","target":["https:\/\/llsra.lt\/en\/news\/sea-europe-top-executives-meet-commissioner-vella\/#respond"]}]},{"@type":"WebPage","@id":"https:\/\/llsra.lt\/en\/news\/sea-europe-top-executives-meet-commissioner-vella\/","url":"https:\/\/llsra.lt\/en\/news\/sea-europe-top-executives-meet-commissioner-vella\/","name":"SEA EUROPE TOP EXECUTIVES MEET COMMISSIONER VELLA - LLSRA","isPartOf":{"@id":"https:\/\/llsra.lt\/#website"},"primaryImageOfPage":{"@id":"https:\/\/llsra.lt\/en\/news\/sea-europe-top-executives-meet-commissioner-vella\/#primaryimage"},"image":{"@id":"https:\/\/llsra.lt\/en\/news\/sea-europe-top-executives-meet-commissioner-vella\/#primaryimage"},"thumbnailUrl":"https:\/\/llsra.lt\/wp-content\/uploads\/2016\/04\/sea_europe.jpg","datePublished":"2016-05-19T11:03:44+00:00","author":{"@id":"https:\/\/llsra.lt\/#\/schema\/person\/5062f3e15f525c2a6bd39b0d6ab47d2a"},"breadcrumb":{"@id":"https:\/\/llsra.lt\/en\/news\/sea-europe-top-executives-meet-commissioner-vella\/#breadcrumb"},"inLanguage":"en-US","potentialAction":[{"@type":"ReadAction","target":["https:\/\/llsra.lt\/en\/news\/sea-europe-top-executives-meet-commissioner-vella\/"]}]},{"@type":"ImageObject","inLanguage":"en-US","@id":"https:\/\/llsra.lt\/en\/news\/sea-europe-top-executives-meet-commissioner-vella\/#primaryimage","url":"https:\/\/llsra.lt\/wp-content\/uploads\/2016\/04\/sea_europe.jpg","contentUrl":"https:\/\/llsra.lt\/wp-content\/uploads\/2016\/04\/sea_europe.jpg","width":734,"height":489},{"@type":"BreadcrumbList","@id":"https:\/\/llsra.lt\/en\/news\/sea-europe-top-executives-meet-commissioner-vella\/#breadcrumb","itemListElement":[{"@type":"ListItem","position":1,"name":"Home","item":"https:\/\/llsra.lt\/"},{"@type":"ListItem","position":2,"name":"SEA EUROPE TOP EXECUTIVES MEET COMMISSIONER VELLA"}]},{"@type":"WebSite","@id":"https:\/\/llsra.lt\/#website","url":"https:\/\/llsra.lt\/","name":"LLSRA","description":"Lietuvos laiv\u0173 statytoj\u0173 ir remontinink\u0173 asociacija","potentialAction":[{"@type":"SearchAction","target":{"@type":"EntryPoint","urlTemplate":"https:\/\/llsra.lt\/?s={search_term_string}"},"query-input":{"@type":"PropertyValueSpecification","valueRequired":true,"valueName":"search_term_string"}}],"inLanguage":"en-US"},{"@type":"Person","@id":"https:\/\/llsra.lt\/#\/schema\/person\/5062f3e15f525c2a6bd39b0d6ab47d2a","name":"Vitalija Baltrimait\u0117","sameAs":["http:\/\/www.llsra.lt"],"url":"https:\/\/llsra.lt\/en\/author\/vitalija\/"}]}},"_links":{"self":[{"href":"https:\/\/llsra.lt\/en\/wp-json\/wp\/v2\/posts\/678","targetHints":{"allow":["GET"]}}],"collection":[{"href":"https:\/\/llsra.lt\/en\/wp-json\/wp\/v2\/posts"}],"about":[{"href":"https:\/\/llsra.lt\/en\/wp-json\/wp\/v2\/types\/post"}],"author":[{"embeddable":true,"href":"https:\/\/llsra.lt\/en\/wp-json\/wp\/v2\/users\/2"}],"replies":[{"embeddable":true,"href":"https:\/\/llsra.lt\/en\/wp-json\/wp\/v2\/comments?post=678"}],"version-history":[{"count":1,"href":"https:\/\/llsra.lt\/en\/wp-json\/wp\/v2\/posts\/678\/revisions"}],"predecessor-version":[{"id":679,"href":"https:\/\/llsra.lt\/en\/wp-json\/wp\/v2\/posts\/678\/revisions\/679"}],"wp:featuredmedia":[{"embeddable":true,"href":"https:\/\/llsra.lt\/en\/wp-json\/wp\/v2\/media\/565"}],"wp:attachment":[{"href":"https:\/\/llsra.lt\/en\/wp-json\/wp\/v2\/media?parent=678"}],"wp:term":[{"taxonomy":"category","embeddable":true,"href":"https:\/\/llsra.lt\/en\/wp-json\/wp\/v2\/categories?post=678"},{"taxonomy":"post_tag","embeddable":true,"href":"https:\/\/llsra.lt\/en\/wp-json\/wp\/v2\/tags?post=678"}],"curies":[{"name":"wp","href":"https:\/\/api.w.org\/{rel}","templated":true}]}}